{"id":12233,"date":"2017-05-31T15:10:27","date_gmt":"2017-05-31T09:40:27","guid":{"rendered":"http:\/\/www.rondcommeunballon.com\/?p=12233"},"modified":"2017-07-31T15:15:53","modified_gmt":"2017-07-31T09:45:53","slug":"avec-arlo","status":"publish","type":"post","link":"https:\/\/www.rondcommeunballon.com\/?p=12233","title":{"rendered":"Avec Arlo"},"content":{"rendered":"<p>Milo et Sienna aime beaucoup Arlo et veulent le voir r\u00e9guli\u00e8rement! Milo nous a meme demander un petit fr\u00e8re!<\/p>\n<p>Ce soir, on a fait une promenade avec Arlo!<\/p>\n<p><a href=\"http:\/\/www.rondcommeunballon.com\/wp-content\/uploads\/2017\/07\/2017-05-31-18.00.32.jpg\"><img loading=\"lazy\" decoding=\"async\" class=\"aligncenter size-medium wp-image-12231\" src=\"http:\/\/www.rondcommeunballon.com\/wp-content\/uploads\/2017\/07\/2017-05-31-18.00.32-e1501494146288-225x300.jpg\" alt=\"\" width=\"225\" height=\"300\" srcset=\"https:\/\/www.rondcommeunballon.com\/wp-content\/uploads\/2017\/07\/2017-05-31-18.00.32-e1501494146288-225x300.jpg 225w, https:\/\/www.rondcommeunballon.com\/wp-content\/uploads\/2017\/07\/2017-05-31-18.00.32-e1501494146288-768x1024.jpg 768w, https:\/\/www.rondcommeunballon.com\/wp-content\/uploads\/2017\/07\/2017-05-31-18.00.32-e1501494146288.jpg 1440w\" sizes=\"(max-width: 225px) 100vw, 225px\" \/><\/a> <a href=\"http:\/\/www.rondcommeunballon.com\/wp-content\/uploads\/2017\/07\/2017-05-31-18.00.36-2.jpg\"><img loading=\"lazy\" decoding=\"async\" class=\"aligncenter size-medium wp-image-12232\" src=\"http:\/\/www.rondcommeunballon.com\/wp-content\/uploads\/2017\/07\/2017-05-31-18.00.36-2-e1501494163304-225x300.jpg\" alt=\"\" width=\"225\" height=\"300\" srcset=\"https:\/\/www.rondcommeunballon.com\/wp-content\/uploads\/2017\/07\/2017-05-31-18.00.36-2-e1501494163304-225x300.jpg 225w, https:\/\/www.rondcommeunballon.com\/wp-content\/uploads\/2017\/07\/2017-05-31-18.00.36-2-e1501494163304-768x1024.jpg 768w, https:\/\/www.rondcommeunballon.com\/wp-content\/uploads\/2017\/07\/2017-05-31-18.00.36-2-e1501494163304.jpg 1440w\" sizes=\"(max-width: 225px) 100vw, 225px\" \/><\/a><\/p>\n","protected":false},"excerpt":{"rendered":"<p>Milo et Sienna aime beaucoup Arlo et veulent le voir r\u00e9guli\u00e8rement! Milo nous a meme demander un petit fr\u00e8re! Ce soir, on a fait une promenade avec Arlo!<\/p>\n","protected":false},"author":2,"featured_media":0,"comment_status":"open","ping_status":"closed","sticky":false,"template":"","format":"standard","meta":{"footnotes":""},"categories":[1],"tags":[],"class_list":["post-12233","post","type-post","status-publish","format-standard","hentry","category-general"],"_links":{"self":[{"href":"https:\/\/www.rondcommeunballon.com\/index.php?rest_route=\/wp\/v2\/posts\/12233"}],"collection":[{"href":"https:\/\/www.rondcommeunballon.com\/index.php?rest_route=\/wp\/v2\/posts"}],"about":[{"href":"https:\/\/www.rondcommeunballon.com\/index.php?rest_route=\/wp\/v2\/types\/post"}],"author":[{"embeddable":true,"href":"https:\/\/www.rondcommeunballon.com\/index.php?rest_route=\/wp\/v2\/users\/2"}],"replies":[{"embeddable":true,"href":"https:\/\/www.rondcommeunballon.com\/index.php?rest_route=%2Fwp%2Fv2%2Fcomments&post=12233"}],"version-history":[{"count":0,"href":"https:\/\/www.rondcommeunballon.com\/index.php?rest_route=\/wp\/v2\/posts\/12233\/revisions"}],"wp:attachment":[{"href":"https:\/\/www.rondcommeunballon.com\/index.php?rest_route=%2Fwp%2Fv2%2Fmedia&parent=12233"}],"wp:term":[{"taxonomy":"category","embeddable":true,"href":"https:\/\/www.rondcommeunballon.com\/index.php?rest_route=%2Fwp%2Fv2%2Fcategories&post=12233"},{"taxonomy":"post_tag","embeddable":true,"href":"https:\/\/www.rondcommeunballon.com\/index.php?rest_route=%2Fwp%2Fv2%2Ftags&post=12233"}],"curies":[{"name":"wp","href":"https:\/\/api.w.org\/{rel}","templated":true}]}}