{"id":5700,"date":"2014-05-24T09:52:26","date_gmt":"2014-05-24T04:22:26","guid":{"rendered":"http:\/\/www.rondcommeunballon.com\/?p=5700"},"modified":"2014-06-02T10:26:06","modified_gmt":"2014-06-02T04:56:06","slug":"sienna-1-mois","status":"publish","type":"post","link":"https:\/\/www.rondcommeunballon.com\/?p=5700","title":{"rendered":"Sienna: 1 mois!"},"content":{"rendered":"<p>Ca y est, notre puce a d\u00e9j\u00e0 un mois!!<\/p>\n<p><a href=\"http:\/\/www.rondcommeunballon.com\/wp-content\/uploads\/2014\/05\/DSC_0047.jpg\"><img loading=\"lazy\" decoding=\"async\" class=\"alignnone size-thumbnail wp-image-5792\" src=\"http:\/\/www.rondcommeunballon.com\/wp-content\/uploads\/2014\/05\/DSC_0047-150x150.jpg\" alt=\"DSC_0047\" width=\"150\" height=\"150\" \/><\/a>\u00a0 \u00a0<a href=\"http:\/\/www.rondcommeunballon.com\/wp-content\/uploads\/2014\/05\/DSC_0042.jpg\"><img loading=\"lazy\" decoding=\"async\" class=\"alignnone size-thumbnail wp-image-5790\" src=\"http:\/\/www.rondcommeunballon.com\/wp-content\/uploads\/2014\/05\/DSC_0042-150x150.jpg\" alt=\"DSC_0042\" width=\"150\" height=\"150\" \/><\/a>\u00a0 \u00a0<a href=\"http:\/\/www.rondcommeunballon.com\/wp-content\/uploads\/2014\/05\/DSC_0033.jpg\"><img loading=\"lazy\" decoding=\"async\" class=\"alignnone size-thumbnail wp-image-5789\" src=\"http:\/\/www.rondcommeunballon.com\/wp-content\/uploads\/2014\/05\/DSC_0033-150x150.jpg\" alt=\"DSC_0033\" width=\"150\" height=\"150\" \/><\/a><\/p>\n<p>Et quels changements en si peu de temps: elle fait maintenant 4,2 kg&#8230; Et oui, elle a d\u00e9j\u00e0 pris 1 kilo!! Et elle mesure 56cm.<\/p>\n<p><a href=\"http:\/\/www.rondcommeunballon.com\/wp-content\/uploads\/2014\/05\/DSC_0021.jpg\"><img loading=\"lazy\" decoding=\"async\" class=\"alignnone size-thumbnail wp-image-5787\" src=\"http:\/\/www.rondcommeunballon.com\/wp-content\/uploads\/2014\/05\/DSC_0021-150x150.jpg\" alt=\"DSC_0021\" width=\"150\" height=\"150\" \/><\/a>\u00a0 \u00a0<a href=\"http:\/\/www.rondcommeunballon.com\/wp-content\/uploads\/2014\/05\/DSC_00182.jpg\"><img loading=\"lazy\" decoding=\"async\" class=\"alignnone size-thumbnail wp-image-5786\" src=\"http:\/\/www.rondcommeunballon.com\/wp-content\/uploads\/2014\/05\/DSC_00182-150x150.jpg\" alt=\"DSC_0018\" width=\"150\" height=\"150\" \/><\/a>\u00a0 \u00a0<a href=\"http:\/\/www.rondcommeunballon.com\/wp-content\/uploads\/2014\/05\/DSC_0008.jpg\"><img loading=\"lazy\" decoding=\"async\" class=\"alignnone size-thumbnail wp-image-5785\" src=\"http:\/\/www.rondcommeunballon.com\/wp-content\/uploads\/2014\/05\/DSC_0008-150x150.jpg\" alt=\"DSC_0008\" width=\"150\" height=\"150\" \/><\/a><\/p>\n<p>Apres avoir eu un peu mal au ventre au d\u00e9part, elle va maintenant tr\u00e8s bien!<\/p>\n<p>Elle nous fait toujours de super nuits, elle ne se r\u00e9veille qu&#8217;une fois en moyenne. Le moment difficile de la journ\u00e9e reste la tomb\u00e9e\u00a0de la nuit. Ca ne semble pas lui plaire, elle s&#8217;\u00e9nerve et \u00e0 du mal a se calmer.<\/p>\n<p><span style=\"line-height: 1.5;\">Elle reste un peu plus r\u00e9veill\u00e9e maintenant, observe tout ce qui se passe et tiens\u00a0de mieux\u00a0en mieux\u00a0sa t\u00eate.<\/span><\/p>\n<p><span style=\"line-height: 1.5;\">Voici une journ\u00e9e type:<\/span><\/p>\n<p>-Elle se reveille entre 6h et 7h, mange et repart faire une sieste de 3 heures, apr\u00e8s ca elle reste g\u00e9n\u00e9ralement avec Milo et moi, dans le porte b\u00e9b\u00e9\u00a0en somnolant.<\/p>\n<p>-A midi, on va faire les courses, puis on mange et elle se couche pour sa sieste en m\u00eame temps que Milo, \u00e0 13h.<\/p>\n<p>-Elle se r\u00e9veille entre 16h et 17h et on se pr\u00e9pare pour aller au parc: Milo cours, Quentin joue au basket, et elle &#8230; dort dans le porte b\u00e9b\u00e9\u00a0\ud83d\ude42<\/p>\n<p>-On rentre \u00e0 18h30, bain , puis on mange tous ensemble, et au dodo (c&#8217;est la que g\u00e9n\u00e9ralement \u00e7a se complique). Elle \u00e0 du mal \u00e0 se coucher, et ca peu lui prendre un peu de temps \u00e0\u00a0se calmer, mais une fois qu&#8217;elle dort, c&#8217;est parti jusqu&#8217;\u00e0 2h ou 3h du matin!<\/p>\n<p>&nbsp;<\/p>\n","protected":false},"excerpt":{"rendered":"<p>Ca y est, notre puce a d\u00e9j\u00e0 un mois!! \u00a0 \u00a0\u00a0 \u00a0 Et quels changements en si peu de temps: elle fait maintenant 4,2 kg&#8230; Et oui, elle a d\u00e9j\u00e0 pris 1 kilo!! Et elle mesure 56cm. \u00a0 \u00a0\u00a0 \u00a0 Apres avoir eu un peu mal au ventre au d\u00e9part, elle va maintenant tr\u00e8s bien! &hellip; <\/p>\n<p class=\"link-more\"><a href=\"https:\/\/www.rondcommeunballon.com\/?p=5700\" class=\"more-link\">Continue reading<span class=\"screen-reader-text\"> &#8220;Sienna: 1 mois!&#8221;<\/span><\/a><\/p>\n","protected":false},"author":2,"featured_media":0,"comment_status":"open","ping_status":"closed","sticky":false,"template":"","format":"standard","meta":{"footnotes":""},"categories":[1],"tags":[],"class_list":["post-5700","post","type-post","status-publish","format-standard","hentry","category-general"],"_links":{"self":[{"href":"https:\/\/www.rondcommeunballon.com\/index.php?rest_route=\/wp\/v2\/posts\/5700"}],"collection":[{"href":"https:\/\/www.rondcommeunballon.com\/index.php?rest_route=\/wp\/v2\/posts"}],"about":[{"href":"https:\/\/www.rondcommeunballon.com\/index.php?rest_route=\/wp\/v2\/types\/post"}],"author":[{"embeddable":true,"href":"https:\/\/www.rondcommeunballon.com\/index.php?rest_route=\/wp\/v2\/users\/2"}],"replies":[{"embeddable":true,"href":"https:\/\/www.rondcommeunballon.com\/index.php?rest_route=%2Fwp%2Fv2%2Fcomments&post=5700"}],"version-history":[{"count":0,"href":"https:\/\/www.rondcommeunballon.com\/index.php?rest_route=\/wp\/v2\/posts\/5700\/revisions"}],"wp:attachment":[{"href":"https:\/\/www.rondcommeunballon.com\/index.php?rest_route=%2Fwp%2Fv2%2Fmedia&parent=5700"}],"wp:term":[{"taxonomy":"category","embeddable":true,"href":"https:\/\/www.rondcommeunballon.com\/index.php?rest_route=%2Fwp%2Fv2%2Fcategories&post=5700"},{"taxonomy":"post_tag","embeddable":true,"href":"https:\/\/www.rondcommeunballon.com\/index.php?rest_route=%2Fwp%2Fv2%2Ftags&post=5700"}],"curies":[{"name":"wp","href":"https:\/\/api.w.org\/{rel}","templated":true}]}}