{"id":6067,"date":"2014-07-07T14:18:23","date_gmt":"2014-07-07T08:48:23","guid":{"rendered":"http:\/\/www.rondcommeunballon.com\/?p=6067"},"modified":"2014-08-01T14:37:45","modified_gmt":"2014-08-01T09:07:45","slug":"2-5-mois-et-2-5-ans","status":"publish","type":"post","link":"https:\/\/www.rondcommeunballon.com\/?p=6067","title":{"rendered":"2.5 mois et 2.5 ans!!"},"content":{"rendered":"<p>Allez, on commence par Milo!<\/p>\n<p>Et bien, notre petit bonhomme a bien grandit pendant les vacances! Il est devenu un grand fr\u00e8re, et il est tr\u00e8s fi\u00e8r de sa petite soeur. Il aime la montrer aux gens, lui parler, lui faire des bisous! Il n&#8217;est pas jaloux du tout, au moins pour l&#8217;instant \ud83d\ude42<\/p>\n<p>Il parle de plus en plus et de mieux an mieux! Il a plein de vocabulaire, surtout en fran\u00e7ais et il sait compter jusqu&#8217;\u00e0 5. Il aime chanter, faire des puzzles, jouer avec ses voitures mais surtout faire du v\u00e9lo (ou de la moto)&#8230;<\/p>\n<p>Il ne mange toujours pas bien, mais les quantit\u00e9s augmente doucement&#8230; Il refuse de go\u00fbter \u00e0 la plupart des choses, ce qui a tendance \u00e0\u00a0nous agacer un peu :). Donc il mange surtout des p\u00e2tes, du yaourt, du fromage, des fruits secs et ses biberons.<\/p>\n<p>Mais en g\u00e9n\u00e9ral Milo est un gentil qui aime faire le clown!<\/p>\n<p><a href=\"http:\/\/www.rondcommeunballon.com\/wp-content\/uploads\/2014\/07\/DSC_0550.jpg\"><img loading=\"lazy\" decoding=\"async\" class=\"alignnone size-thumbnail wp-image-6069\" src=\"http:\/\/www.rondcommeunballon.com\/wp-content\/uploads\/2014\/07\/DSC_0550-150x150.jpg\" alt=\"DSC_0550\" width=\"150\" height=\"150\" \/><\/a>\u00a0 \u00a0<a href=\"http:\/\/www.rondcommeunballon.com\/wp-content\/uploads\/2014\/07\/DSC_0543.jpg\"><img loading=\"lazy\" decoding=\"async\" class=\"alignnone size-thumbnail wp-image-6068\" src=\"http:\/\/www.rondcommeunballon.com\/wp-content\/uploads\/2014\/07\/DSC_0543-150x150.jpg\" alt=\"DSC_0543\" width=\"150\" height=\"150\" \/><\/a>\u00a0 \u00a0<a href=\"http:\/\/www.rondcommeunballon.com\/wp-content\/uploads\/2014\/07\/DSC_0561.jpg\"><img loading=\"lazy\" decoding=\"async\" class=\"alignnone size-thumbnail wp-image-6070\" src=\"http:\/\/www.rondcommeunballon.com\/wp-content\/uploads\/2014\/07\/DSC_0561-150x150.jpg\" alt=\"DSC_0561\" width=\"150\" height=\"150\" \/><\/a><\/p>\n<p>Et Sienna? Et bien c&#8217;est toujours une aussi grosse dormeuse! Au point o\u00f9 j&#8217;ai appel\u00e9\u00a0la sage femme pour savoir si c&#8217;\u00e9tait normal&#8230;<\/p>\n<p>Elle dort en moyenne 19\/20 heures par jour! Elle se couche \u00e0\u00a07h et l\u00e8ve a 7h30, en se r\u00e9veillant qu&#8217;une fois. Apres \u00eatre r\u00e9veiller 30 minutes, elle est fatigu\u00e9e\u00a0et veut se recoucher&#8230; C&#8217;est comme \u00e7a le reste de la journ\u00e9e!<\/p>\n<p>Elle ne pleure quasiment pas, sourit de plus en plus et comme son fr\u00e8re, aime beaucoup \u00eatre dans les bras&#8230; Heureusement qu&#8217;on a le porte b\u00e9b\u00e9\u00a0:). Elle commence \u00e0\u00a0gazouiller, on a le droit \u00e0\u00a0des Grrrrrr !<\/p>\n<p>Bref on est fan! \ud83d\ude42<\/p>\n<p>&nbsp;<\/p>\n","protected":false},"excerpt":{"rendered":"<p>Allez, on commence par Milo! Et bien, notre petit bonhomme a bien grandit pendant les vacances! Il est devenu un grand fr\u00e8re, et il est tr\u00e8s fi\u00e8r de sa petite soeur. Il aime la montrer aux gens, lui parler, lui faire des bisous! Il n&#8217;est pas jaloux du tout, au moins pour l&#8217;instant \ud83d\ude42 Il &hellip; <\/p>\n<p class=\"link-more\"><a href=\"https:\/\/www.rondcommeunballon.com\/?p=6067\" class=\"more-link\">Continue reading<span class=\"screen-reader-text\"> &#8220;2.5 mois et 2.5 ans!!&#8221;<\/span><\/a><\/p>\n","protected":false},"author":2,"featured_media":0,"comment_status":"open","ping_status":"closed","sticky":false,"template":"","format":"standard","meta":{"footnotes":""},"categories":[1],"tags":[],"class_list":["post-6067","post","type-post","status-publish","format-standard","hentry","category-general"],"_links":{"self":[{"href":"https:\/\/www.rondcommeunballon.com\/index.php?rest_route=\/wp\/v2\/posts\/6067"}],"collection":[{"href":"https:\/\/www.rondcommeunballon.com\/index.php?rest_route=\/wp\/v2\/posts"}],"about":[{"href":"https:\/\/www.rondcommeunballon.com\/index.php?rest_route=\/wp\/v2\/types\/post"}],"author":[{"embeddable":true,"href":"https:\/\/www.rondcommeunballon.com\/index.php?rest_route=\/wp\/v2\/users\/2"}],"replies":[{"embeddable":true,"href":"https:\/\/www.rondcommeunballon.com\/index.php?rest_route=%2Fwp%2Fv2%2Fcomments&post=6067"}],"version-history":[{"count":0,"href":"https:\/\/www.rondcommeunballon.com\/index.php?rest_route=\/wp\/v2\/posts\/6067\/revisions"}],"wp:attachment":[{"href":"https:\/\/www.rondcommeunballon.com\/index.php?rest_route=%2Fwp%2Fv2%2Fmedia&parent=6067"}],"wp:term":[{"taxonomy":"category","embeddable":true,"href":"https:\/\/www.rondcommeunballon.com\/index.php?rest_route=%2Fwp%2Fv2%2Fcategories&post=6067"},{"taxonomy":"post_tag","embeddable":true,"href":"https:\/\/www.rondcommeunballon.com\/index.php?rest_route=%2Fwp%2Fv2%2Ftags&post=6067"}],"curies":[{"name":"wp","href":"https:\/\/api.w.org\/{rel}","templated":true}]}}